[{"@context":"https:\/\/schema.org\/","@type":"Article","@id":"https:\/\/www.delmont.cz\/kapacita-142-luzek\/#Article","mainEntityOfPage":"https:\/\/www.delmont.cz\/kapacita-142-luzek\/","headline":"Kapacita 142 l\u016f\u017eek","name":"Kapacita 142 l\u016f\u017eek","description":"Nab\u00edz\u00edme v\u00e1m ubytov\u00e1n\u00ed Prad\u011bd, kter\u00e9 je v\u00e1m k dispozici v hotelu na hor\u00e1ch, odkud je to bl\u00edzko k ly\u017ea\u0159sk\u00e9mu vleku a tak\u00e9 za turistikou. P\u0159ijm\u011bte srde\u010dn\u00e9 pozv\u00e1n\u00ed do m\u00edsta, kter\u00e9 v\u00e1m m\u00e1 po cel\u00fd rok co nab\u00eddnout. P\u0159ije\u010fte sem na\u010derpat nov\u00e9 s\u00edly, budeme se na v\u00e1s t\u011b\u0161it.Ubytov\u00e1n\u00ed Prad\u011bd nab\u00edz\u00ed velk\u00fd v\u00fdb\u011br pokoj\u016f, m\u00e1me pro v\u00e1s&hellip;","datePublished":"2025-04-22","dateModified":"2025-04-22","author":{"@type":"Person","@id":"https:\/\/www.delmont.cz\/author\/#Person","name":"delmont.cz\n","url":"https:\/\/www.delmont.cz\/author\/","identifier":1,"image":{"@type":"ImageObject","@id":"https:\/\/secure.gravatar.com\/avatar\/7c144e1de0ecc43e7a8353c804f0c7ea63c9554336576e7048c4bdeaa59bbbbb?s=96&d=mm&r=g","url":"https:\/\/secure.gravatar.com\/avatar\/7c144e1de0ecc43e7a8353c804f0c7ea63c9554336576e7048c4bdeaa59bbbbb?s=96&d=mm&r=g","height":96,"width":96}},"publisher":{"@type":"Organization","name":"delmont.cz","logo":{"@type":"ImageObject","@id":"\/logo.png","url":"\/logo.png","width":600,"height":60}},"url":"https:\/\/www.delmont.cz\/kapacita-142-luzek\/","wordCount":194,"articleBody":"Nab\u00edz\u00edme v\u00e1m ubytov\u00e1n\u00ed Prad\u011bd, kter\u00e9 je v\u00e1m k dispozici v hotelu na hor\u00e1ch, odkud je to bl\u00edzko k ly\u017ea\u0159sk\u00e9mu vleku a tak\u00e9 za turistikou. P\u0159ijm\u011bte srde\u010dn\u00e9 pozv\u00e1n\u00ed do m\u00edsta, kter\u00e9 v\u00e1m m\u00e1 po cel\u00fd rok co nab\u00eddnout. P\u0159ije\u010fte sem na\u010derpat nov\u00e9 s\u00edly, budeme se na v\u00e1s t\u011b\u0161it.Ubytov\u00e1n\u00ed Prad\u011bd nab\u00edz\u00ed velk\u00fd v\u00fdb\u011br pokoj\u016f, m\u00e1me pro v\u00e1s p\u0159ipraveny r\u016fzn\u00e9 typy a tak\u00e9 velikosti pokoj\u016f. Na na\u0161ich str\u00e1nk\u00e1ch si je m\u016f\u017eete prohl\u00e9dnout a vybrat si pokoj z pohodl\u00ed va\u0161eho domova. Tak\u00e9 zde zjist\u00edte kompletn\u00ed informace a v\u0161e co by v\u00e1s mohlo zaj\u00edmat. P\u0159ije\u010fte si odpo\u010dinout Ubytov\u00e1n\u00ed Prad\u011bd v\u00e1s zve k aktivn\u00edmu i pasivn\u00edmu odpo\u010dinku. Pasivn\u00edho odpo\u010dinku si m\u016f\u017eete u\u017e\u00edt p\u0159\u00edmo v hotelu, kde nab\u00edz\u00edme wellness procedury, kter\u00e9 v\u00e1m pomohou na\u010derpat nov\u00e9 s\u00edly. Jsme hotel vhodn\u00fd pro rodiny s d\u011btmi, nebo pro firemn\u00ed akce.                                                                                                                                                                                                                                                                                                                                                                                                "},{"@context":"https:\/\/schema.org\/","@type":"BreadcrumbList","itemListElement":[{"@type":"ListItem","position":1,"name":"Kapacita 142 l\u016f\u017eek","item":"https:\/\/www.delmont.cz\/kapacita-142-luzek\/#breadcrumbitem"}]}]