[{"@context":"https:\/\/schema.org\/","@type":"Article","@id":"https:\/\/www.delmont.cz\/kdy-je-ten-spravny-cas-na-stehovani\/#Article","mainEntityOfPage":"https:\/\/www.delmont.cz\/kdy-je-ten-spravny-cas-na-stehovani\/","headline":"Kdy je ten spr\u00e1vn\u00fd \u010das na st\u011bhov\u00e1n\u00ed","name":"Kdy je ten spr\u00e1vn\u00fd \u010das na st\u011bhov\u00e1n\u00ed","description":"Zvl\u00e1dneme to komplet o v\u00edkendu S touto my\u0161lenkou si pohr\u00e1v\u00e1 pom\u011brn\u011b hodn\u011b lid\u00ed, domn\u00edvaj\u00ed se, \u017ee b\u011bhem v\u00edkendu stihnou v\u0161echno zabalit, p\u0159ev\u00e9zt, rozbalit, uklidit, a v pond\u011bl\u00ed mohou zas nastoupit do pracovn\u00edho procesu s t\u00edm, \u017ee ty administrativn\u00ed z\u00e1le\u017eitosti se do\u0159e\u0161\u00ed a\u017e pak. T\u00edmto zp\u016fsobem to samoz\u0159ejm\u011b mo\u017en\u00e9 je, a tak\u00e9 mnoz\u00ed z v\u00e1s tou\u017e\u00ed&hellip;","datePublished":"2022-04-04","dateModified":"2023-04-29","author":{"@type":"Person","@id":"https:\/\/www.delmont.cz\/author\/#Person","name":"delmont.cz\n","url":"https:\/\/www.delmont.cz\/author\/","identifier":1,"image":{"@type":"ImageObject","@id":"https:\/\/secure.gravatar.com\/avatar\/7c144e1de0ecc43e7a8353c804f0c7ea63c9554336576e7048c4bdeaa59bbbbb?s=96&d=mm&r=g","url":"https:\/\/secure.gravatar.com\/avatar\/7c144e1de0ecc43e7a8353c804f0c7ea63c9554336576e7048c4bdeaa59bbbbb?s=96&d=mm&r=g","height":96,"width":96}},"publisher":{"@type":"Organization","name":"delmont.cz","logo":{"@type":"ImageObject","@id":"\/logo.png","url":"\/logo.png","width":600,"height":60}},"image":{"@type":"ImageObject","@id":"https:\/\/www.delmont.cz\/wp-content\/uploads\/scissors-1986602_640_2.jpg","url":"https:\/\/www.delmont.cz\/wp-content\/uploads\/scissors-1986602_640_2.jpg","height":0,"width":0},"url":"https:\/\/www.delmont.cz\/kdy-je-ten-spravny-cas-na-stehovani\/","about":["Slu\u017eby"],"wordCount":455,"articleBody":"   Zvl\u00e1dneme to komplet o v\u00edkenduS touto my\u0161lenkou si pohr\u00e1v\u00e1 pom\u011brn\u011b hodn\u011b lid\u00ed, domn\u00edvaj\u00ed se, \u017ee b\u011bhem v\u00edkendu stihnou v\u0161echno zabalit, p\u0159ev\u00e9zt, rozbalit, uklidit, a v pond\u011bl\u00ed mohou zas nastoupit do pracovn\u00edho procesu s t\u00edm, \u017ee ty administrativn\u00ed z\u00e1le\u017eitosti se do\u0159e\u0161\u00ed a\u017e pak. T\u00edmto zp\u016fsobem to samoz\u0159ejm\u011b mo\u017en\u00e9 je, a tak\u00e9 mnoz\u00ed z v\u00e1s tou\u017e\u00ed po tom, aby st\u011bhovac\u00ed firma m\u011bla o v\u00edkendu \u201evoln\u00e9 ok\u00e9nko\u201c a mohlo to klapnout. Pokud objedn\u00e1te st\u011bhov\u00e1ky s p\u011btit\u00fddenn\u00edm p\u0159edstihem s \u017e\u00e1dost\u00ed, \u017ee chcete realizovat st\u011bhov\u00e1n\u00ed v Praze 7 pr\u00e1v\u011b v sobotu, pravd\u011bpodobn\u011b usp\u011bjete, ale co balen\u00ed v\u011bc\u00ed? Co demont\u00e1\u017e n\u00e1bytku? Co t\u0159\u00edd\u011bn\u00ed nepot\u0159ebn\u00e9ho haramp\u00e1d\u00ed, kter\u00e9ho se budete cht\u00edt zbavit, p\u0159est\u011bhujete snad v\u0161echno \u201ebez ladu a skladu\u201c a teprve na nov\u00e9m m\u00edst\u011b budete d\u011blat po\u0159\u00e1dek?Chcete-li komplet v\u0161e stihnout za v\u00edkend, a t\u0159eba i za prodlou\u017een\u00fd v\u00edkend, s velkou pravd\u011bpodobnost\u00ed to nedopadne dob\u0159e. Bude na v\u00e1s valit jeden z\u00e1drhel za druh\u00fdm a za ten stres to ur\u010dit\u011b nestoj\u00ed.Dejte si na \u010das \u2013 \u010das je v dne\u0161n\u00ed usp\u011bchan\u00e9 dob\u011b nedostatkov\u00fd atribut, ale pro st\u011bhov\u00e1n\u00ed by to nem\u011blo platit v\u016fbec. Tomu byste m\u011bli pod\u0159\u00eddit naprosto ve\u0161ker\u00e9 aktivity krom\u011b pracovn\u00edch povinnost\u00ed. Pokuste se na st\u011bhov\u00e1n\u00ed vyhradit alespo\u0148 jeden m\u011bs\u00edc, nejl\u00e9pe \u0161est t\u00fddn\u016f \u010dasu, kdy ka\u017ed\u00fd den z t\u00e9to doby budete p\u0159\u00edprav\u011b na st\u011bhov\u00e1n\u00ed v\u011bnovat alespo\u0148 hodinu. Uvid\u00edte, jak v\u0161echno s p\u0159edstihem zvl\u00e1dnete, a na p\u0159\u00edpadn\u00e9 nedostatky \u010di p\u0159ipom\u00ednky v\u00e1m zbude velk\u00e1 \u010dasov\u00e1 rezerva.Opat\u0159ete si optim\u00e1ln\u00ed balic\u00ed materi\u00e1l \u2013 pokud si mysl\u00edte, \u017ee t\u00edm jsou star\u00e9 noviny, \u010dasopisy a balic\u00ed pap\u00edr, tak jste vedle, proto\u017ee noviny \u0161pin\u00ed a p\u00e1chnou a balic\u00ed pap\u00edr je vhodn\u00fd leda tak na zabalen\u00ed knih, ale nikoli porcel\u00e1nu. Dejte p\u0159ednost bublinkov\u00e9 f\u00f3lii, tu si opat\u0159ete v roli, a m\u00edvaj\u00ed ji \u010dastokr\u00e1t k dispozici st\u011bhovac\u00ed firmy.Tenk\u00e1 f\u00f3lie \u2013 pro zabalen\u00ed n\u00e1bytku a v\u0161ech spot\u0159ebi\u010d\u016f, kter\u00e9 se nevejdou do krabic, byste mohli vyu\u017e\u00edt tenkou plastovou f\u00f3lii, n\u011bkdy zn\u00e1mou pod n\u00e1zvem \u201eflexi\u201c. Je velmi pru\u017en\u00e1 a z\u00e1rove\u0148 pevn\u00e1 a dostate\u010dn\u011b ochr\u00e1n\u00ed v\u0161echny p\u0159edm\u011bty p\u0159ed po\u0161kr\u00e1b\u00e1n\u00edm a pov\u011btrnostn\u00edmi vlivy.                                                                                                                                                                                                                                                                                                                                                                                          4.1\/5 - (9 votes)        "},{"@context":"https:\/\/schema.org\/","@type":"BreadcrumbList","itemListElement":[{"@type":"ListItem","position":1,"name":"Kdy je ten spr\u00e1vn\u00fd \u010das na st\u011bhov\u00e1n\u00ed","item":"https:\/\/www.delmont.cz\/kdy-je-ten-spravny-cas-na-stehovani\/#breadcrumbitem"}]}]