[{"@context":"https:\/\/schema.org\/","@type":"Article","@id":"https:\/\/www.delmont.cz\/to-nejvyhledavanejsi-misto-obyvaciho-pokoje\/#Article","mainEntityOfPage":"https:\/\/www.delmont.cz\/to-nejvyhledavanejsi-misto-obyvaciho-pokoje\/","headline":"To nejvyhled\u00e1van\u011bj\u0161\u00ed m\u00edsto ob\u00fdvac\u00edho pokoje","name":"To nejvyhled\u00e1van\u011bj\u0161\u00ed m\u00edsto ob\u00fdvac\u00edho pokoje","description":"Jist\u011b budete souhlasit, \u017ee nejvyhled\u00e1van\u011bj\u0161\u00edm m\u00edstem ob\u00fdvac\u00edho pokoje je sedac\u00ed souprava. Ka\u017ed\u00fd \u010dlov\u011bk m\u00e1 o t\u00e9 sv\u00e9 nejlep\u0161\u00ed \u201cseda\u010dce\u201d svoje p\u0159edstavy. Po\u010detn\u00e9 rodiny preferuj\u00ed velk\u00e9 rohov\u00e9 modely se sklopn\u00fdmi op\u011brkami, majitel\u00e9 mal\u00fdch byt\u016f preferuj\u00ed naopak men\u0161\u00ed modely ve stylu pouh\u00fdch dvou k\u0159esel, nebo jednotliv\u00fdch k\u0159esel. V\u011bt\u0161ina z\u00e1kazn\u00edk\u016f ale up\u0159ednost\u0148uje sestavu, j\u00ed\u017e tvo\u0159\u00ed sedac\u00ed soupravy 3+2+1,&hellip;","datePublished":"2019-10-23","dateModified":"2023-04-29","author":{"@type":"Person","@id":"https:\/\/www.delmont.cz\/author\/#Person","name":"delmont.cz\n","url":"https:\/\/www.delmont.cz\/author\/","identifier":1,"image":{"@type":"ImageObject","@id":"https:\/\/secure.gravatar.com\/avatar\/7c144e1de0ecc43e7a8353c804f0c7ea63c9554336576e7048c4bdeaa59bbbbb?s=96&d=mm&r=g","url":"https:\/\/secure.gravatar.com\/avatar\/7c144e1de0ecc43e7a8353c804f0c7ea63c9554336576e7048c4bdeaa59bbbbb?s=96&d=mm&r=g","height":96,"width":96}},"publisher":{"@type":"Organization","name":"delmont.cz","logo":{"@type":"ImageObject","@id":"\/logo.png","url":"\/logo.png","width":600,"height":60}},"image":{"@type":"ImageObject","@id":"https:\/\/www.delmont.cz\/wp-content\/uploads\/img_a366511_w2069_t1579100292.jpg","url":"https:\/\/www.delmont.cz\/wp-content\/uploads\/img_a366511_w2069_t1579100292.jpg","height":0,"width":0},"url":"https:\/\/www.delmont.cz\/to-nejvyhledavanejsi-misto-obyvaciho-pokoje\/","about":["V\u00fdrobky"],"wordCount":392,"articleBody":"  Jist\u011b budete  souhlasit, \u017ee nejvyhled\u00e1van\u011bj\u0161\u00edm  m\u00edstem ob\u00fdvac\u00edho pokoje je sedac\u00ed souprava. Ka\u017ed\u00fd \u010dlov\u011bk m\u00e1 o t\u00e9 sv\u00e9 nejlep\u0161\u00ed \u201cseda\u010dce\u201d svoje p\u0159edstavy. Po\u010detn\u00e9 rodiny preferuj\u00ed velk\u00e9 rohov\u00e9 modely se sklopn\u00fdmi op\u011brkami, majitel\u00e9 mal\u00fdch byt\u016f preferuj\u00ed naopak men\u0161\u00ed modely ve stylu pouh\u00fdch dvou k\u0159esel, nebo jednotliv\u00fdch k\u0159esel. V\u011bt\u0161ina z\u00e1kazn\u00edk\u016f ale up\u0159ednost\u0148uje sestavu, j\u00ed\u017e tvo\u0159\u00ed sedac\u00ed soupravy 3+2+1, co\u017e je ide\u00e1ln\u00ed pom\u011br pro klasickou rodinu. Ka\u017ed\u00fd \u010dlen si zde najde svoje obl\u00edben\u00e9 m\u00edsto, ze kter\u00e9ho bude skv\u011bl\u00fd v\u00fdhled na televizn\u00ed obrazovku, ide\u00e1ln\u00ed posezen\u00ed s knihou, nebo oby\u010dejn\u00e9 pole\u017een\u00ed a relaxaci.  V\u00fdb\u011br sedac\u00ed soupravy z na\u0161eho obchodu se pro v\u00e1s m\u016f\u017ee st\u00e1t p\u011bkn\u00fdm o\u0159\u00ed\u0161kem, proto\u017ee nab\u00edz\u00edme skute\u010dn\u011b \u0161irokou \u0161k\u00e1lu model\u016f za\u010d\u00ednaj\u00edc\u00edch na dev\u00edti stech \u0161est set dvan\u00e1cti korun\u00e1ch pro sestavu 3+2 p\u0159edstavuj\u00edc\u00ed elegantn\u00ed tvar a snadno udr\u017eovateln\u00fd materi\u00e1l \u2013 praktickou EKO k\u016f\u017ei s volbou t\u0159\u00ed odst\u00edn\u016f barev. Pro ty z v\u00e1s, kte\u0159\u00ed se pr\u00e1v\u011b v t\u011bchto dnech chyst\u00e1te za\u0159\u00eddit letn\u00ed, nebo studentsk\u00fd byt, je jako stvo\u0159en\u00e1 sestava 2+3, kdy pohovka se zaj\u00edmav\u011b pojat\u00fdm potahem ve t\u0159ech odst\u00ednech nav\u00edc nab\u00edz\u00ed mo\u017enost rozlo\u017een\u00ed a \u00falo\u017en\u00e9ho prostoru. Velmi odleh\u010den\u011b p\u016fsob\u00ed u v\u0161ech t\u011bchto kus\u016f d\u0159ev\u011bn\u00e1 oh\u00fdban\u00e1 madla ve sv\u011btl\u00e9m proveden\u00ed. Tato sedac\u00ed souprava t\u00edm p\u00e1dem p\u016fsob\u00ed v prostoru velmi sv\u011b\u017ee a snadno se s n\u00ed manipuluje. Pro n\u00e1ro\u010dn\u00e9 z\u00e1kazn\u00edky p\u0159edstavujeme robustn\u00ed sedac\u00ed soupravu, vy\u017eaduj\u00edc\u00ed velk\u00fd prostor, v n\u011bm\u017e skute\u010dn\u011b vynikne. Tato ko\u017een\u00e1 sestava 3+2+1 je dopln\u011bn\u00e1 o zaj\u00edmav\u00e9 prvky ko\u0148sk\u00fdch hlav vy\u0159ezan\u00fdch z tvrd\u00e9ho dubov\u00e9ho d\u0159eva, nab\u00edz\u00ed tak\u00e9 mo\u017enost p\u0159iobjedn\u00e1n\u00ed stejn\u011b pojat\u00e9ho konferen\u010dn\u00edho stolku.   Dejte sv\u00e9mu ob\u00fdvac\u00edmu pokoji ten spr\u00e1vn\u00fd styl a \u0161mrnc v podob\u011b kvalitn\u00ed, kr\u00e1sn\u00e9 a praktick\u00e9 sedac\u00ed souprav\u011b, ji\u017e si obl\u00edb\u00ed cel\u00e1 va\u0161e rodina. Objedn\u00e1vejte ji\u017e dnes za zaj\u00edmav\u00e9 ceny z na\u0161\u00ed nab\u00eddky!                                                                                                                                                                                                                                                                                                                                                                                          4.2\/5 - (16 votes)        "},{"@context":"https:\/\/schema.org\/","@type":"BreadcrumbList","itemListElement":[{"@type":"ListItem","position":1,"name":"To nejvyhled\u00e1van\u011bj\u0161\u00ed m\u00edsto ob\u00fdvac\u00edho pokoje","item":"https:\/\/www.delmont.cz\/to-nejvyhledavanejsi-misto-obyvaciho-pokoje\/#breadcrumbitem"}]}]